{"id":518,"date":"2021-05-03T11:05:00","date_gmt":"2021-05-03T09:05:00","guid":{"rendered":"https:\/\/www.emanuelesarti.it\/?p=518"},"modified":"2021-05-04T08:40:02","modified_gmt":"2021-05-04T06:40:02","slug":"coordinare-risorse-un-mestiere-che-non-si-improvvisa","status":"publish","type":"post","link":"https:\/\/www.emanuelesarti.it\/index.php\/2021\/05\/03\/coordinare-risorse-un-mestiere-che-non-si-improvvisa\/","title":{"rendered":"Coordinare risorse: un mestiere che non si improvvisa"},"content":{"rendered":"\n<div class=\"wp-block-media-text alignwide is-stacked-on-mobile\" style=\"grid-template-columns:35% auto\"><figure class=\"wp-block-media-text__media\"><img loading=\"lazy\" width=\"512\" height=\"288\" src=\"https:\/\/i0.wp.com\/www.emanuelesarti.it\/wp-content\/uploads\/2020\/10\/unnamed-2.png?resize=512%2C288&#038;ssl=1\" alt=\"\" class=\"wp-image-748\" srcset=\"https:\/\/i0.wp.com\/www.emanuelesarti.it\/wp-content\/uploads\/2020\/10\/unnamed-2.png?w=512&amp;ssl=1 512w, https:\/\/i0.wp.com\/www.emanuelesarti.it\/wp-content\/uploads\/2020\/10\/unnamed-2.png?resize=300%2C169&amp;ssl=1 300w, https:\/\/i0.wp.com\/www.emanuelesarti.it\/wp-content\/uploads\/2020\/10\/unnamed-2.png?resize=230%2C129&amp;ssl=1 230w, https:\/\/i0.wp.com\/www.emanuelesarti.it\/wp-content\/uploads\/2020\/10\/unnamed-2.png?resize=350%2C197&amp;ssl=1 350w, https:\/\/i0.wp.com\/www.emanuelesarti.it\/wp-content\/uploads\/2020\/10\/unnamed-2.png?resize=480%2C270&amp;ssl=1 480w\" sizes=\"(max-width: 512px) 100vw, 512px\" data-recalc-dims=\"1\" \/><\/figure><div class=\"wp-block-media-text__content\">\n<p>Il Capo. Figura mitologica della quale si stanno ormai perdendo le tracce causa estinzione. <strong>La specie che ha portato all&#8217;estinzione del Capo \u00e8 il Manager <\/strong>(anche se io preferisco parlare in italiano, quindi Direttore, Dirigente, Responsabile, GranFiglioDi &#8230;). Il Direttore o GranFiglioDi &#8230; che sia, non deve essere necessariamente benvoluto o amato (spesso i Dirigenti pensano che se sono amati, le persone faranno quello che lui decide) ma deve coordinare e dirigere un&#8217;Azienda &#8230;. fatta ovviamente di persone.<\/p>\n<\/div><\/div>\n\n\n\n<h3>Mettiti comodo che il GranFiglioDi &#8230; deve avere una marea di competenze (ben 17)<\/h3>\n\n\n\n<p>Questo essere alieno deve saper <strong>gestire in maniera redditizia il personale <\/strong>(lo staff deve &#8220;fatturare&#8221; pi\u00f9 di quanto costi!). Se ragioni solo in termini di costo del personale, sei fuori strada. Ogni Agenzia, come ogni impresa, ha la sua ragion d&#8217;essere nel profitto, nel reddito e se si parla ancora di centri di costo (a tal proposito clicca <strong><a href=\"https:\/\/www.emanuelesarti.it\/index.php\/2020\/10\/06\/3-strumenti-di-controllo-gestionale\/\"><span class=\"has-inline-color has-luminous-vivid-orange-color\">qui<\/span><\/a><\/strong>) <strong>ti suggerisco di cambiare la forma societaria da Assicurazioni S.R.L. a Assicurazioni F.B.F. (Fate Bene Fratelli).<\/strong><\/p>\n\n\n\n<p>Di solito il Leader Maximo della Assicurazioni F.B.F. non accenna minimamente al ritorno dell&#8217;investimento ma si limita a calcolare le spese (sempre troppe) di gestione. <\/p>\n\n\n\n<h2>L&#8217;obiettivo del GranFiglioDi &#8230;<\/h2>\n\n\n\n<p>Raggiungere l&#8217;obiettivo di coordinare in maniera redditizia lo Staff comporta, per il GranFiglioDi &#8230;, l&#8217;utilizzo e l&#8217;ausilio di ben 17 aree di conoscenze ben definite. <strong>Come ti ho gi\u00e0 detto, mettiti comodo perch\u00e9 \u00e8 un lungo elenco.<\/strong><\/p>\n\n\n\n<h2>Le 17 competenze si riferiscono al come &#8230;<\/h2>\n\n\n\n<ol><li><strong>creare cultura d\u2019impresa?<\/strong><\/li><li><strong>utilizzare i principi di gestione del personale?<\/strong><\/li><li><strong>reclutare e selezionare risorse?<\/strong><\/li><li><strong>fare formazione?<\/strong><\/li><li><strong>comunicare a livello individuale e di gruppo?<\/strong><\/li><li><strong>stabilire regole e processi di lavoro?<\/strong><\/li><li><strong>far lavorare lo staff in forma cooperativa?<\/strong><\/li><li><strong>allenare al lavoro lo staff?<\/strong><\/li><li><strong>motivare?<\/strong><\/li><li><strong>esprimere leadership? <\/strong><\/li><li><strong>analizzare il clima professionale in Agenzia?<\/strong><\/li><li><strong>pianificare le attivit\u00e0 commerciali? <\/strong><\/li><li><strong>far vendere?<\/strong><\/li><li><strong>valutare e controllare le prestazioni dello staff?<\/strong><\/li><li><strong>retribuire e incentivare?<\/strong><\/li><li><strong>progettare i sistemi di reportistica delle attivit\u00e0 svolte dallo staff?<\/strong><\/li><li><strong>dare riscontro alle prestazioni?<\/strong><\/li><\/ol>\n\n\n\n<h2>Sei ancora comodo? Perch\u00e9 le definizioni sono tante e complesse<\/h2>\n\n\n\n<h4>Un&#8217;estrema sintesi<\/h4>\n\n\n\n<p><strong>Cultura d&#8217;impresa<\/strong>: insieme di comportamenti, norme, valori, filosofie, regole del gioco che permette allo staff di apprendere il giusto modo di percepire, affrontare e agire di fronte ai problemi.<\/p>\n\n\n\n<p><strong>Principi di gestione del personale<\/strong>: lo staff non come un costo, bens\u00ec come capitale di investimento e relativo ROI (Ritorno dell&#8217;Investimento). I componenti il gruppo di lavoro devono possedere conoscenze comuni ed omogenee oltre a capacit\u00e0 corrispondenti agli standard professionali richiesti ai singoli ruoli ricoperti.&nbsp;<\/p>\n\n\n\n<p><strong>Reclutamento e selezione<\/strong>: strumento per avere sempre la persona giusta al posto giusto, oppure il posto giusto per la persona giusta. Significa equilibrare lo staff agli obiettivi aziendali sia sotto l&#8217;aspetto quantitativo che qualitativo. <\/p>\n\n\n\n<p><strong>Fare formazione<\/strong>: addestramento dello staff su conoscenze e capacit\u00e0 operative, affinch\u00e9 possa migliorare la qualit\u00e0 dei servizi resi al cliente e &#8211; di conseguenza &#8211; sostenere l&#8217;Agenzia.<\/p>\n\n\n\n<p><strong>Comunicazione<\/strong>: gestire un gruppo di lavoro significa che il GranFiglioDi &#8230; deve investire il 30% del suo tempo nel prendere decisioni e il 70% a comunicarle nella maniera adeguata al singolo e al gruppo.<\/p>\n\n\n\n<p><strong>Regole e processi di lavoro<\/strong>: norme da usare come strumento per governare e gestire lo staff e l\u2019organizzazione. In particolare per semplificare e coordinare le decisioni del GranFiglioDi &#8230;, per \u201cridurre la complessit\u00e0 organizzativa&#8221; e stabilirne le routine (cosa va fatto in certe situazioni, come devono essere risolti in modo standard certi problemi).<\/p>\n\n\n\n<p><strong>Lavorare in forma cooperativa<\/strong>: passaggio da regole individuali (dove ognuno ha le sue) all\u2019interazione costruttiva con i colleghi&nbsp;(dove si lavora con regole valide per il gruppo).<\/p>\n\n\n\n<p><strong>Allenare al lavoro<\/strong>: aiutare ogni singolo individuo ad acquisire una maggiore competenza professionale e a superare le barriere che ostacolano il miglioramento della sua prestazione.<\/p>\n\n\n\n<p><strong>La motivazione<\/strong>: complesso processo delle forze che innescano, dirigono, sostengono il comportamento nel corso del tempo.<\/p>\n\n\n\n<p>La <strong>leadership<\/strong>: strumento insito nel GranFiglioDi &#8230; con il quale offre una visione allo staff, fornisce chiari obiettivi che dirigano i comportamenti, somministra feedback sulle prestazioni, assegna riconoscimenti quando lo staff opera bene e d\u00e0 aiuto quando si verificano prestazioni insufficienti.<\/p>\n\n\n\n<p>Il <strong>clima aziendale<\/strong>: rappresenta la percezione di un&#8217;organizzazione da parte delle persone che in essa operano, ed \u00e8 in grado di condizionare e influire sull&#8217;andamento delle attivit\u00e0 in positivo o in negativo.<\/p>\n\n\n\n<p>La <strong>pianificazione<\/strong>: analizzare, programmare, realizzare e controllare progetti volti a conseguire obiettivi aziendali. La pianificazione mira soprattutto ad adeguare l&#8217;offerta di servizi ai bisogni e alle esigenze dei mercati-obiettivo per informare, motivare e servire il mercato.<\/p>\n\n\n\n<p>La <strong>vendita<\/strong>: una legge degli affari. Ogni Azienda vende qualcosa ed \u00e8 il suo unico strumento di sopravvivenza nel mercato.<\/p>\n\n\n\n<p>La <strong>valutazione<\/strong>: disciplina che studia la teoria&nbsp;del&nbsp;valore economico, del  processo e dei metodi utilizzati dallo staff per determinare<strong> <\/strong>il valore di&nbsp;una&nbsp;Azienda. Strumento per misurare i processi lavorativi.<\/p>\n\n\n\n<p>La<strong> retribuzione e l&#8217;incentivazione<\/strong>: strumento principale attraverso cui l\u2019impresa persegue l\u2019obiettivo di attirare, trattenere e motivare le Risorse Umane di cui necessita per il raggiungimento dei propri obiettivi.<em> <\/em>Pu\u00f2 essere fissa o variabile o un mix delle due.<\/p>\n\n\n\n<p>La <strong>reportistica<\/strong>: insieme dei report, caratterizzati da contenuto, formato e frequenza, redatti da coloro cui \u00e8 stato assegnato un budget di responsabilit\u00e0, per consentire la valutazione dei risultati e l\u2019attuazione dell\u2019analisi degli scostamenti dagli obiettivi da parte del GranFiglioDi &#8230;.<\/p>\n\n\n\n<p>Il <strong>riscontro alle prestazioni<\/strong>: strumento per conoscere meglio la risorsa, fare chiarezza sulle aspettative dell&#8217;Agenzia, spingere al miglioramento, far crescere il valore delle persone e ottenere risultati in continuit\u00e0.<\/p>\n\n\n\n<h2>Uff \u00e8 finita<\/h2>\n\n\n\n<h4>coordinare risorse: un lavoraccio <\/h4>\n\n\n\n<figure class=\"wp-block-pullquote is-style-solid-color\"><blockquote><p><\/p><\/blockquote><\/figure>\n","protected":false},"excerpt":{"rendered":"<p>Il Capo. Figura mitologica della quale si stanno ormai perdendo le tracce causa estinzione. La specie che ha portato all&#8217;estinzione del Capo \u00e8 il Manager (anche se io preferisco parlare in italiano, quindi Direttore, Dirigente, Responsabile, GranFiglioDi &#8230;). Il Direttore o GranFiglioDi &#8230; che sia, non deve essere necessariamente benvoluto o amato (spesso i Dirigenti pensano che se sono amati, [&hellip;]<\/p>\n","protected":false},"author":1,"featured_media":751,"comment_status":"open","ping_status":"open","sticky":false,"template":"","format":"standard","meta":{"spay_email":""},"categories":[10],"tags":[],"jetpack_featured_media_url":"https:\/\/i2.wp.com\/www.emanuelesarti.it\/wp-content\/uploads\/2020\/10\/unnamed-5.png?fit=512%2C288&ssl=1","yoast_head":"<!-- This site is optimized with the Yoast SEO plugin v15.9.2 - https:\/\/yoast.com\/wordpress\/plugins\/seo\/ -->\r\n<title>Coordinare risorse: un mestiere che non si improvvisa - Emanuele Sarti<\/title>\r\n<meta name=\"robots\" content=\"index, follow, max-snippet:-1, max-image-preview:large, max-video-preview:-1\" \/>\r\n<link rel=\"canonical\" href=\"https:\/\/www.emanuelesarti.it\/index.php\/2021\/05\/03\/coordinare-risorse-un-mestiere-che-non-si-improvvisa\/\" \/>\r\n<meta property=\"og:locale\" content=\"it_IT\" \/>\r\n<meta property=\"og:type\" content=\"article\" \/>\r\n<meta property=\"og:title\" content=\"Coordinare risorse: un mestiere che non si improvvisa - Emanuele Sarti\" \/>\r\n<meta property=\"og:description\" content=\"Il Capo. Figura mitologica della quale si stanno ormai perdendo le tracce causa estinzione. La specie che ha portato all&#8217;estinzione del Capo \u00e8 il Manager (anche se io preferisco parlare in italiano, quindi Direttore, Dirigente, Responsabile, GranFiglioDi &#8230;). Il Direttore o GranFiglioDi &#8230; che sia, non deve essere necessariamente benvoluto o amato (spesso i Dirigenti pensano che se sono amati, [&hellip;]\" \/>\r\n<meta property=\"og:url\" content=\"https:\/\/www.emanuelesarti.it\/index.php\/2021\/05\/03\/coordinare-risorse-un-mestiere-che-non-si-improvvisa\/\" \/>\r\n<meta property=\"og:site_name\" content=\"Emanuele Sarti\" \/>\r\n<meta property=\"article:published_time\" content=\"2021-05-03T09:05:00+00:00\" \/>\r\n<meta property=\"article:modified_time\" content=\"2021-05-04T06:40:02+00:00\" \/>\r\n<meta property=\"og:image\" content=\"https:\/\/i2.wp.com\/www.emanuelesarti.it\/wp-content\/uploads\/2020\/10\/unnamed-5.png?fit=512%2C288&#038;ssl=1\" \/>\r\n\t<meta property=\"og:image:width\" content=\"512\" \/>\r\n\t<meta property=\"og:image:height\" content=\"288\" \/>\r\n<meta name=\"twitter:card\" content=\"summary_large_image\" \/>\r\n<meta name=\"twitter:label1\" content=\"Tempo di lettura stimato\">\n\t<meta name=\"twitter:data1\" content=\"5 minuti\">\r\n<script type=\"application\/ld+json\" class=\"yoast-schema-graph\">{\"@context\":\"https:\/\/schema.org\",\"@graph\":[{\"@type\":\"WebSite\",\"@id\":\"https:\/\/www.emanuelesarti.it\/#website\",\"url\":\"https:\/\/www.emanuelesarti.it\/\",\"name\":\"Emanuele Sarti\",\"description\":\"Dire \\u00e8 bene, ma fare \\u00e8 meglio\",\"potentialAction\":[{\"@type\":\"SearchAction\",\"target\":\"https:\/\/www.emanuelesarti.it\/?s={search_term_string}\",\"query-input\":\"required name=search_term_string\"}],\"inLanguage\":\"it-IT\"},{\"@type\":\"ImageObject\",\"@id\":\"https:\/\/www.emanuelesarti.it\/index.php\/2021\/05\/03\/coordinare-risorse-un-mestiere-che-non-si-improvvisa\/#primaryimage\",\"inLanguage\":\"it-IT\",\"url\":\"https:\/\/i2.wp.com\/www.emanuelesarti.it\/wp-content\/uploads\/2020\/10\/unnamed-5.png?fit=512%2C288&ssl=1\",\"width\":512,\"height\":288},{\"@type\":\"WebPage\",\"@id\":\"https:\/\/www.emanuelesarti.it\/index.php\/2021\/05\/03\/coordinare-risorse-un-mestiere-che-non-si-improvvisa\/#webpage\",\"url\":\"https:\/\/www.emanuelesarti.it\/index.php\/2021\/05\/03\/coordinare-risorse-un-mestiere-che-non-si-improvvisa\/\",\"name\":\"Coordinare risorse: un mestiere che non si improvvisa - Emanuele Sarti\",\"isPartOf\":{\"@id\":\"https:\/\/www.emanuelesarti.it\/#website\"},\"primaryImageOfPage\":{\"@id\":\"https:\/\/www.emanuelesarti.it\/index.php\/2021\/05\/03\/coordinare-risorse-un-mestiere-che-non-si-improvvisa\/#primaryimage\"},\"datePublished\":\"2021-05-03T09:05:00+00:00\",\"dateModified\":\"2021-05-04T06:40:02+00:00\",\"author\":{\"@id\":\"https:\/\/www.emanuelesarti.it\/#\/schema\/person\/931065422e98a604db671d7c76cfccab\"},\"breadcrumb\":{\"@id\":\"https:\/\/www.emanuelesarti.it\/index.php\/2021\/05\/03\/coordinare-risorse-un-mestiere-che-non-si-improvvisa\/#breadcrumb\"},\"inLanguage\":\"it-IT\",\"potentialAction\":[{\"@type\":\"ReadAction\",\"target\":[\"https:\/\/www.emanuelesarti.it\/index.php\/2021\/05\/03\/coordinare-risorse-un-mestiere-che-non-si-improvvisa\/\"]}]},{\"@type\":\"BreadcrumbList\",\"@id\":\"https:\/\/www.emanuelesarti.it\/index.php\/2021\/05\/03\/coordinare-risorse-un-mestiere-che-non-si-improvvisa\/#breadcrumb\",\"itemListElement\":[{\"@type\":\"ListItem\",\"position\":1,\"item\":{\"@type\":\"WebPage\",\"@id\":\"https:\/\/www.emanuelesarti.it\/\",\"url\":\"https:\/\/www.emanuelesarti.it\/\",\"name\":\"Home\"}},{\"@type\":\"ListItem\",\"position\":2,\"item\":{\"@type\":\"WebPage\",\"@id\":\"https:\/\/www.emanuelesarti.it\/index.php\/2021\/05\/03\/coordinare-risorse-un-mestiere-che-non-si-improvvisa\/\",\"url\":\"https:\/\/www.emanuelesarti.it\/index.php\/2021\/05\/03\/coordinare-risorse-un-mestiere-che-non-si-improvvisa\/\",\"name\":\"Coordinare risorse: un mestiere che non si improvvisa\"}}]},{\"@type\":\"Person\",\"@id\":\"https:\/\/www.emanuelesarti.it\/#\/schema\/person\/931065422e98a604db671d7c76cfccab\",\"name\":\"Emanuele Sarti\",\"image\":{\"@type\":\"ImageObject\",\"@id\":\"https:\/\/www.emanuelesarti.it\/#personlogo\",\"inLanguage\":\"it-IT\",\"url\":\"https:\/\/secure.gravatar.com\/avatar\/c1798d7d8a579a92b66f733f8ea38dd4?s=96&d=mm&r=g\",\"caption\":\"Emanuele Sarti\"},\"sameAs\":[\"https:\/\/www.emanuelesarti.it\"]}]}<\/script>\r\n<!-- \/ Yoast SEO plugin. -->","_links":{"self":[{"href":"https:\/\/www.emanuelesarti.it\/index.php\/wp-json\/wp\/v2\/posts\/518"}],"collection":[{"href":"https:\/\/www.emanuelesarti.it\/index.php\/wp-json\/wp\/v2\/posts"}],"about":[{"href":"https:\/\/www.emanuelesarti.it\/index.php\/wp-json\/wp\/v2\/types\/post"}],"author":[{"embeddable":true,"href":"https:\/\/www.emanuelesarti.it\/index.php\/wp-json\/wp\/v2\/users\/1"}],"replies":[{"embeddable":true,"href":"https:\/\/www.emanuelesarti.it\/index.php\/wp-json\/wp\/v2\/comments?post=518"}],"version-history":[{"count":12,"href":"https:\/\/www.emanuelesarti.it\/index.php\/wp-json\/wp\/v2\/posts\/518\/revisions"}],"predecessor-version":[{"id":1328,"href":"https:\/\/www.emanuelesarti.it\/index.php\/wp-json\/wp\/v2\/posts\/518\/revisions\/1328"}],"wp:featuredmedia":[{"embeddable":true,"href":"https:\/\/www.emanuelesarti.it\/index.php\/wp-json\/wp\/v2\/media\/751"}],"wp:attachment":[{"href":"https:\/\/www.emanuelesarti.it\/index.php\/wp-json\/wp\/v2\/media?parent=518"}],"wp:term":[{"taxonomy":"category","embeddable":true,"href":"https:\/\/www.emanuelesarti.it\/index.php\/wp-json\/wp\/v2\/categories?post=518"},{"taxonomy":"post_tag","embeddable":true,"href":"https:\/\/www.emanuelesarti.it\/index.php\/wp-json\/wp\/v2\/tags?post=518"}],"curies":[{"name":"wp","href":"https:\/\/api.w.org\/{rel}","templated":true}]}}