{"id":1424,"date":"2020-11-20T12:31:21","date_gmt":"2020-11-20T11:31:21","guid":{"rendered":"https:\/\/www.emanuelesarti.it\/?p=1424"},"modified":"2020-11-20T13:01:29","modified_gmt":"2020-11-20T12:01:29","slug":"la-formazione-obbligatoria-ivass-che-pa","status":"publish","type":"post","link":"https:\/\/www.emanuelesarti.it\/index.php\/2020\/11\/20\/la-formazione-obbligatoria-ivass-che-pa\/","title":{"rendered":"La formazione obbligatoria IVASS, che pa &#8230;"},"content":{"rendered":"\n<div class=\"wp-block-media-text alignwide is-stacked-on-mobile\" style=\"grid-template-columns:35% auto\"><figure class=\"wp-block-media-text__media\"><img loading=\"lazy\" width=\"1024\" height=\"683\" src=\"https:\/\/i0.wp.com\/www.emanuelesarti.it\/wp-content\/uploads\/2020\/11\/books-3071110_1920.jpg?resize=1024%2C683&#038;ssl=1\" alt=\"\" class=\"wp-image-1425\" srcset=\"https:\/\/i0.wp.com\/www.emanuelesarti.it\/wp-content\/uploads\/2020\/11\/books-3071110_1920.jpg?resize=1024%2C683&amp;ssl=1 1024w, https:\/\/i0.wp.com\/www.emanuelesarti.it\/wp-content\/uploads\/2020\/11\/books-3071110_1920.jpg?resize=300%2C200&amp;ssl=1 300w, https:\/\/i0.wp.com\/www.emanuelesarti.it\/wp-content\/uploads\/2020\/11\/books-3071110_1920.jpg?resize=768%2C512&amp;ssl=1 768w, https:\/\/i0.wp.com\/www.emanuelesarti.it\/wp-content\/uploads\/2020\/11\/books-3071110_1920.jpg?resize=1536%2C1024&amp;ssl=1 1536w, https:\/\/i0.wp.com\/www.emanuelesarti.it\/wp-content\/uploads\/2020\/11\/books-3071110_1920.jpg?resize=830%2C553&amp;ssl=1 830w, https:\/\/i0.wp.com\/www.emanuelesarti.it\/wp-content\/uploads\/2020\/11\/books-3071110_1920.jpg?resize=230%2C153&amp;ssl=1 230w, https:\/\/i0.wp.com\/www.emanuelesarti.it\/wp-content\/uploads\/2020\/11\/books-3071110_1920.jpg?resize=350%2C233&amp;ssl=1 350w, https:\/\/i0.wp.com\/www.emanuelesarti.it\/wp-content\/uploads\/2020\/11\/books-3071110_1920.jpg?resize=480%2C320&amp;ssl=1 480w, https:\/\/i0.wp.com\/www.emanuelesarti.it\/wp-content\/uploads\/2020\/11\/books-3071110_1920.jpg?w=1920&amp;ssl=1 1920w\" sizes=\"(max-width: 1024px) 100vw, 1024px\" data-recalc-dims=\"1\" \/><\/figure><div class=\"wp-block-media-text__content\">\n<p class=\"has-medium-font-size\">&#8230; ssione! <\/p>\n\n\n\n<p><strong>Se ti salta l&#8217;equilibrio psichico e tenti di aggredire un docente, sono al tuo fianco.<\/strong> Ascoltare un tizio che legge 190 diapositive (che i fighi definiscono &#8220;slides&#8221;) \u00e8 una punizione biblica. Ma a te serve un certificato, sei obbligato ad avere un attestato.<\/p>\n<\/div><\/div>\n\n\n\n<p><strong>Sei uno che vende polizze? Studiati le condizioni. Non comprendi le condizioni di una polizza? Cambia mestiere.<\/strong><\/p>\n\n\n\n<h2>Definizione di Infortunio<\/h2>\n\n\n\n<p>&#8220;<em>Per infortunio si intende un evento dovuto a causa fortuita, violenta ed esterna che produce lesioni fisiche obiettivamente constatabili che abbiano come conseguenza&nbsp;la Morte o l&#8217;Invalidit\u00e0 Permanente o Temporanea&#8221;<\/em>. <strong>MA CHE PA &#8230;. ssione!<\/strong> <\/p>\n\n\n\n<h2>Non siamo soli<\/h2>\n\n\n\n<p>Magra consolazione, ma lo sapevi che un responsabile della sicurezza fa un corso nel quale gli dicono che: &#8220;s<em>econdo gli articoli XYZ del DPR PincoPallo del 1995 in materia di sicurezza elettrica &#8230; bisogna <strong>fare attenzione ai luoghi bagnati<\/strong>. La legge considera luoghi bagnati anche gli spazi aperti durante e dopo le precipitazioni fino al ritorno dell&#8217;asciutto<\/em>&#8220;? In altri termini la legge ci spiega quando \u00e8 asciutto o bagnato. Poi c&#8217;\u00e8 il corso per la prevenzione incendi e per gli interventi di pronto soccorso, dove ti spiegano addirittura che <strong>se scoppia un incendio devi scappare e chiamare i pompieri<\/strong>. Che se scopri un &#8220;<strong><em>evento anomalo con feriti certi o sospetti devi avvisare i soccorsi<\/em>&#8220;. In altri termini devi chiamare il 118<\/strong>!<\/p>\n\n\n\n<p>Anche in questo caso, <strong>se ti salta l&#8217;equilibrio psichico e tenti di aggredire il docente, sono al tuo fianco.<\/strong><\/p>\n\n\n\n<h1>Il certificatificio<\/h1>\n\n\n\n<p>Sono state create aziende di formazione assicurativa, si sono moltiplicati pseudo formatori, ex dipendenti di compagnia (trombati o in pensione) o  Agenti che producono certificati. Sono delle fabbriche di attestati. I test di verifica? Non farmi ridere, dagli una settantina di euro, fai finta di stare davanti ad un PC <strong>et voil\u00e0, hai i certificati<\/strong>. <\/p>\n\n\n\n<h4>E i formatori si comprano, a rate, il SUV di moda<\/h4>\n\n\n\n<p>Come molti mercati, anche quello della formazione assicurativa obbligatoria si \u00e8 trasformato notevolmente e si \u00e8 arrivati, anche in questo settore, alla guerra dei prezzi (es. RCA, a tal proposito clicca <a href=\"https:\/\/www.emanuelesarti.it\/index.php\/2020\/11\/03\/si-puo-vincere-la-guerra-della-tariffa-no\/\" target=\"_blank\" rel=\"noreferrer noopener\"><strong><span class=\"has-inline-color has-luminous-vivid-orange-color\">qui<\/span><\/strong><\/a>).<\/p>\n\n\n\n<h2>Obbligatoriet\u00e0<\/h2>\n\n\n\n<p>Perch\u00e9 sei stato obbligato a fare una cosa che dovresti fare come prassi? <strong>Io se devo parlare di un argomento studio e poi ne parlo,<\/strong> <strong>ma non voglio essere obbligato a far finta di studiare perch\u00e9 c&#8217;\u00e8 una norma che me lo impone<\/strong> (altrimenti se mi beccano sono sanzioni), <strong>lo faccio perch\u00e9 \u00e8 corretto farlo<\/strong>. Semplice, cristallino, ovvio, normale. Non serve una legge.<\/p>\n\n\n\n<h2>Volontariet\u00e0<\/h2>\n\n\n\n<p>Deve essere una tua precisa volont\u00e0 quella del sapere. Ma cosa significa formazione?<\/p>\n\n\n\n<h2>Forma-Azione  <\/h2>\n\n\n\n<p><strong>Significa assimilare e comprendere un aspetto tecnico, un comportamento, un metodo che si traduca in Azione<\/strong>. Tutto ci\u00f2 che non porta ad un&#8217;azione, non \u00e8 teso ad un risultato, \u00e8 semplicemente una de-responsabilizzazione. La formazione \u00e8 il passaggio di conoscenza, di contenuti, di capacit\u00e0, di modi di pensare, di modi di essere. <\/p>\n\n\n\n<h2>Forma-Azione = Apprendimento<\/h2>\n\n\n\n<p>L&#8217;apprendimento si verifica quando una variazione delle condizioni ambientali <strong>(stimolo) <\/strong>determina una modificazione reale<strong> (permanente) <\/strong>del comportamento<strong> (risposta). <\/strong><\/p>\n\n\n\n<p><strong>Solo ci\u00f2 che realmente si apprende verr\u00e0 ricordato nel tempo<\/strong> <strong>per:<\/strong><\/p>\n\n\n\n<ul><li>rimettere in discussione i propri convincimenti;<\/li><li>razionalizzare ci\u00f2 che gi\u00e0 si conosce;<\/li><li>acquisire nuove informazioni;<\/li><li>crescere professionalmente;<\/li><li>verificare la pertinenza del contenuto con il tuo \u201cmondo\u201d;<\/li><li>condividere esperienze e riflessioni con altri.<\/li><\/ul>\n\n\n\n<h2>Per poi &#8220;fare le cose&#8221;<\/h2>\n\n\n\n<p><strong>Motiva-Azione.<\/strong> Quella <strong>spinta<\/strong> che genera la determinazione a <strong>svolgere un compito<\/strong> specifico, <strong>un&#8217;azione finalizzata<\/strong> con impegno e seriet\u00e0. Ad <strong>avere un Motivo per svolgere un&#8217;Azione<\/strong>. <\/p>\n\n\n\n<h2>Formare significa <\/h2>\n\n\n\n<p>Definire gli obiettivi generali che si vogliono ottenere da una sessione formativa, individuare le condizioni di contesto (vincoli, risorse, persone, regole &#8230;), individuare gli obiettivi didattici e del percorso, scegliere i contenuti e l&#8217;ingegneria della didattica, creare le condizioni di apprendimento, preparare i materiali didattici, realizzare gli strumenti di Verifica del Risultato, elaborare la progettazione di dettaglio e tanto altro ancora. <\/p>\n\n\n\n<p><strong>Fai formazione di qualit\u00e0 e non limitarti a rispettare le norme. La crescita passa da qui.  <\/strong><\/p>\n\n\n\n<h2>Vuoi un consiglio? <\/h2>\n\n\n\n<p>Se sei stufo di sentirti leggere la definizione di infortunio da uno che nasceva mentre tu gi\u00e0 vendevi unit linked, smetti di essere vittima passiva di un sistema che non condividi e scegli di essere un professionista artefice del tuo sapere andando oltre la norma, per prendere decisioni fondanti sulla tua competenza.<\/p>\n\n\n\n<p><strong>Lascia che le fabbriche di attestati facciano il loro lavoro &#8211; gli attestati, appunto &#8211; e per te scegli una formazione volontaria che aumenti la competitivit\u00e0 della tua Azienda. <\/strong>&#8220;<em>Evita di fare ci\u00f2 che non sai, ma apprendi tutto ci\u00f2 che occorre<\/em>&#8221; &#8211; Pitagora &#8211;<\/p>\n\n\n\n<h4>P.S. <\/h4>\n\n\n\n<p><strong>Se credi che quanto sopra sia pro domo mia hai ragione, ma sono disposto a provarti che il vantaggio \u00e8 reciproco.<\/strong><\/p>\n\n\n\n<figure class=\"wp-block-pullquote is-style-solid-color\"><blockquote><p><\/p><\/blockquote><\/figure>\n","protected":false},"excerpt":{"rendered":"<p>&#8230; ssione! Se ti salta l&#8217;equilibrio psichico e tenti di aggredire un docente, sono al tuo fianco. Ascoltare un tizio che legge 190 diapositive (che i fighi definiscono &#8220;slides&#8221;) \u00e8 una punizione biblica. Ma a te serve un certificato, sei obbligato ad avere un attestato. Sei uno che vende polizze? Studiati le condizioni. Non comprendi le condizioni di una polizza? [&hellip;]<\/p>\n","protected":false},"author":1,"featured_media":1425,"comment_status":"open","ping_status":"open","sticky":false,"template":"","format":"standard","meta":{"spay_email":""},"categories":[9],"tags":[],"jetpack_featured_media_url":"https:\/\/i0.wp.com\/www.emanuelesarti.it\/wp-content\/uploads\/2020\/11\/books-3071110_1920.jpg?fit=1920%2C1280&ssl=1","yoast_head":"<!-- This site is optimized with the Yoast SEO plugin v15.9.2 - https:\/\/yoast.com\/wordpress\/plugins\/seo\/ -->\r\n<title>La formazione obbligatoria IVASS, che pa ... - Emanuele Sarti<\/title>\r\n<meta name=\"robots\" content=\"index, follow, max-snippet:-1, max-image-preview:large, max-video-preview:-1\" \/>\r\n<link rel=\"canonical\" href=\"https:\/\/www.emanuelesarti.it\/index.php\/2020\/11\/20\/la-formazione-obbligatoria-ivass-che-pa\/\" \/>\r\n<meta property=\"og:locale\" content=\"it_IT\" \/>\r\n<meta property=\"og:type\" content=\"article\" \/>\r\n<meta property=\"og:title\" content=\"La formazione obbligatoria IVASS, che pa ... - Emanuele Sarti\" \/>\r\n<meta property=\"og:description\" content=\"&#8230; ssione! Se ti salta l&#8217;equilibrio psichico e tenti di aggredire un docente, sono al tuo fianco. Ascoltare un tizio che legge 190 diapositive (che i fighi definiscono &#8220;slides&#8221;) \u00e8 una punizione biblica. Ma a te serve un certificato, sei obbligato ad avere un attestato. Sei uno che vende polizze? Studiati le condizioni. Non comprendi le condizioni di una polizza? [&hellip;]\" \/>\r\n<meta property=\"og:url\" content=\"https:\/\/www.emanuelesarti.it\/index.php\/2020\/11\/20\/la-formazione-obbligatoria-ivass-che-pa\/\" \/>\r\n<meta property=\"og:site_name\" content=\"Emanuele Sarti\" \/>\r\n<meta property=\"article:published_time\" content=\"2020-11-20T11:31:21+00:00\" \/>\r\n<meta property=\"article:modified_time\" content=\"2020-11-20T12:01:29+00:00\" \/>\r\n<meta property=\"og:image\" content=\"https:\/\/i0.wp.com\/www.emanuelesarti.it\/wp-content\/uploads\/2020\/11\/books-3071110_1920.jpg?fit=1920%2C1280&#038;ssl=1\" \/>\r\n\t<meta property=\"og:image:width\" content=\"1920\" \/>\r\n\t<meta property=\"og:image:height\" content=\"1280\" \/>\r\n<meta name=\"twitter:card\" content=\"summary_large_image\" \/>\r\n<meta name=\"twitter:label1\" content=\"Tempo di lettura stimato\">\n\t<meta name=\"twitter:data1\" content=\"4 minuti\">\r\n<script type=\"application\/ld+json\" class=\"yoast-schema-graph\">{\"@context\":\"https:\/\/schema.org\",\"@graph\":[{\"@type\":\"WebSite\",\"@id\":\"https:\/\/www.emanuelesarti.it\/#website\",\"url\":\"https:\/\/www.emanuelesarti.it\/\",\"name\":\"Emanuele Sarti\",\"description\":\"Dire \\u00e8 bene, ma fare \\u00e8 meglio\",\"potentialAction\":[{\"@type\":\"SearchAction\",\"target\":\"https:\/\/www.emanuelesarti.it\/?s={search_term_string}\",\"query-input\":\"required name=search_term_string\"}],\"inLanguage\":\"it-IT\"},{\"@type\":\"ImageObject\",\"@id\":\"https:\/\/www.emanuelesarti.it\/index.php\/2020\/11\/20\/la-formazione-obbligatoria-ivass-che-pa\/#primaryimage\",\"inLanguage\":\"it-IT\",\"url\":\"https:\/\/i0.wp.com\/www.emanuelesarti.it\/wp-content\/uploads\/2020\/11\/books-3071110_1920.jpg?fit=1920%2C1280&ssl=1\",\"width\":1920,\"height\":1280},{\"@type\":\"WebPage\",\"@id\":\"https:\/\/www.emanuelesarti.it\/index.php\/2020\/11\/20\/la-formazione-obbligatoria-ivass-che-pa\/#webpage\",\"url\":\"https:\/\/www.emanuelesarti.it\/index.php\/2020\/11\/20\/la-formazione-obbligatoria-ivass-che-pa\/\",\"name\":\"La formazione obbligatoria IVASS, che pa ... - Emanuele Sarti\",\"isPartOf\":{\"@id\":\"https:\/\/www.emanuelesarti.it\/#website\"},\"primaryImageOfPage\":{\"@id\":\"https:\/\/www.emanuelesarti.it\/index.php\/2020\/11\/20\/la-formazione-obbligatoria-ivass-che-pa\/#primaryimage\"},\"datePublished\":\"2020-11-20T11:31:21+00:00\",\"dateModified\":\"2020-11-20T12:01:29+00:00\",\"author\":{\"@id\":\"https:\/\/www.emanuelesarti.it\/#\/schema\/person\/931065422e98a604db671d7c76cfccab\"},\"breadcrumb\":{\"@id\":\"https:\/\/www.emanuelesarti.it\/index.php\/2020\/11\/20\/la-formazione-obbligatoria-ivass-che-pa\/#breadcrumb\"},\"inLanguage\":\"it-IT\",\"potentialAction\":[{\"@type\":\"ReadAction\",\"target\":[\"https:\/\/www.emanuelesarti.it\/index.php\/2020\/11\/20\/la-formazione-obbligatoria-ivass-che-pa\/\"]}]},{\"@type\":\"BreadcrumbList\",\"@id\":\"https:\/\/www.emanuelesarti.it\/index.php\/2020\/11\/20\/la-formazione-obbligatoria-ivass-che-pa\/#breadcrumb\",\"itemListElement\":[{\"@type\":\"ListItem\",\"position\":1,\"item\":{\"@type\":\"WebPage\",\"@id\":\"https:\/\/www.emanuelesarti.it\/\",\"url\":\"https:\/\/www.emanuelesarti.it\/\",\"name\":\"Home\"}},{\"@type\":\"ListItem\",\"position\":2,\"item\":{\"@type\":\"WebPage\",\"@id\":\"https:\/\/www.emanuelesarti.it\/index.php\/2020\/11\/20\/la-formazione-obbligatoria-ivass-che-pa\/\",\"url\":\"https:\/\/www.emanuelesarti.it\/index.php\/2020\/11\/20\/la-formazione-obbligatoria-ivass-che-pa\/\",\"name\":\"La formazione obbligatoria IVASS, che pa &#8230;\"}}]},{\"@type\":\"Person\",\"@id\":\"https:\/\/www.emanuelesarti.it\/#\/schema\/person\/931065422e98a604db671d7c76cfccab\",\"name\":\"Emanuele Sarti\",\"image\":{\"@type\":\"ImageObject\",\"@id\":\"https:\/\/www.emanuelesarti.it\/#personlogo\",\"inLanguage\":\"it-IT\",\"url\":\"https:\/\/secure.gravatar.com\/avatar\/c1798d7d8a579a92b66f733f8ea38dd4?s=96&d=mm&r=g\",\"caption\":\"Emanuele Sarti\"},\"sameAs\":[\"https:\/\/www.emanuelesarti.it\"]}]}<\/script>\r\n<!-- \/ Yoast SEO plugin. -->","_links":{"self":[{"href":"https:\/\/www.emanuelesarti.it\/index.php\/wp-json\/wp\/v2\/posts\/1424"}],"collection":[{"href":"https:\/\/www.emanuelesarti.it\/index.php\/wp-json\/wp\/v2\/posts"}],"about":[{"href":"https:\/\/www.emanuelesarti.it\/index.php\/wp-json\/wp\/v2\/types\/post"}],"author":[{"embeddable":true,"href":"https:\/\/www.emanuelesarti.it\/index.php\/wp-json\/wp\/v2\/users\/1"}],"replies":[{"embeddable":true,"href":"https:\/\/www.emanuelesarti.it\/index.php\/wp-json\/wp\/v2\/comments?post=1424"}],"version-history":[{"count":9,"href":"https:\/\/www.emanuelesarti.it\/index.php\/wp-json\/wp\/v2\/posts\/1424\/revisions"}],"predecessor-version":[{"id":1460,"href":"https:\/\/www.emanuelesarti.it\/index.php\/wp-json\/wp\/v2\/posts\/1424\/revisions\/1460"}],"wp:featuredmedia":[{"embeddable":true,"href":"https:\/\/www.emanuelesarti.it\/index.php\/wp-json\/wp\/v2\/media\/1425"}],"wp:attachment":[{"href":"https:\/\/www.emanuelesarti.it\/index.php\/wp-json\/wp\/v2\/media?parent=1424"}],"wp:term":[{"taxonomy":"category","embeddable":true,"href":"https:\/\/www.emanuelesarti.it\/index.php\/wp-json\/wp\/v2\/categories?post=1424"},{"taxonomy":"post_tag","embeddable":true,"href":"https:\/\/www.emanuelesarti.it\/index.php\/wp-json\/wp\/v2\/tags?post=1424"}],"curies":[{"name":"wp","href":"https:\/\/api.w.org\/{rel}","templated":true}]}}